{"id":126,"date":"2021-05-12T21:16:00","date_gmt":"2021-05-12T21:16:00","guid":{"rendered":"https:\/\/blog.maskradar.de\/?p=126"},"modified":"2021-05-12T21:18:51","modified_gmt":"2021-05-12T21:18:51","slug":"spende-fuer-masken-mit-sehfenster-in-kenia","status":"publish","type":"post","link":"https:\/\/blog.maskradar.de\/?p=126","title":{"rendered":"Spende f\u00fcr Masken mit Sichtfenster in Kenia"},"content":{"rendered":"\n<p>13 Monate ist es nun her, dass sich ganz zu Beginn des ersten Corona-Lockdowns einige Freiwillige zusammentaten, um in vielen Stunden ehrenamtlicher Arbeit das Portal MaskRadar.de aus der Taufe zu heben und online zu bringen. Anfangs wusste fast niemand, wo Masken zu erhalten sind. Da wollten wir den notwendigen Zugang und \u00dcberblick verschaffen.<\/p>\n\n\n\n<p>Das Team startete mit viel gutem Willen, aber anfangs recht wenig konkretem Wissen. Beispielsweise war uns nicht klar, welche Kosten auf uns zukommen werden. Heute wissen wir: MaskRadar ist dauerhaft online unter <a rel=\"noreferrer noopener\" href=\"http:\/\/www.maskradar.de\" target=\"_blank\">http:\/\/www.maskradar.de\/<\/a>) und wir haben einen Weg gefunden, dies ohne Kosten zu gew\u00e4hrleisten.<\/p>\n\n\n\n<p>Nun standen wir vor einem Luxusproblem: Wir hatten Spenden von 600 Euro &#8211; und wussten nicht so recht, wof\u00fcr wir sie sinnvollerweise einsetzen sollten.<\/p>\n\n\n\n<p>Vor Kurzem entschieden wir uns, diese Summe komplett zu spenden und unser Projektkonto damit aufzul\u00f6sen.&nbsp;&nbsp;&nbsp;&nbsp;&nbsp;&nbsp;&nbsp;<\/p>\n\n\n\n<p>Wir haben das Geld an eine unserer Meinung nach total tolle Masken-Initiative in Kenia gespendet, die auch uns &#8222;alten Masken-Hasen&#8220; nochmal f\u00fcr einen v\u00f6llig neuen Aspekt die Augen ge\u00f6ffnet hat: Die Kenya School for the Deaf &#8211; eine Schule f\u00fcr taube und h\u00f6rbehinderte Sch\u00fclerin Kenia ( <a rel=\"noreferrer noopener\" href=\"https:\/\/kenyachristianscho.wixsite.com\/kcsd\" target=\"_blank\">https:\/\/kenyachristianscho.wixsite.com\/kcsd<\/a>) finanziert die Produktion und Anschaffung von Mund-Nase-Masken mit eingearbeitetem Klarsichtfeld. Dieses &#8222;Guckfenster&#8220; erlaubt es Tauben und Taubstummen, trotz Maske die Lippen des Gegen\u00fcbers zu lesen.  Eine geniale Idee, wie wir finden!<\/p>\n\n\n\n<figure class=\"wp-block-image size-large\"><img loading=\"lazy\" width=\"1024\" height=\"400\" src=\"https:\/\/blog.maskradar.de\/wp-content\/uploads\/2021\/04\/Maske_mit_Klarsichtfeld-1024x400.jpg\" alt=\"\" class=\"wp-image-136\" srcset=\"https:\/\/blog.maskradar.de\/wp-content\/uploads\/2021\/04\/Maske_mit_Klarsichtfeld-1024x400.jpg 1024w, https:\/\/blog.maskradar.de\/wp-content\/uploads\/2021\/04\/Maske_mit_Klarsichtfeld-300x117.jpg 300w, https:\/\/blog.maskradar.de\/wp-content\/uploads\/2021\/04\/Maske_mit_Klarsichtfeld-768x300.jpg 768w, https:\/\/blog.maskradar.de\/wp-content\/uploads\/2021\/04\/Maske_mit_Klarsichtfeld-1536x600.jpg 1536w, https:\/\/blog.maskradar.de\/wp-content\/uploads\/2021\/04\/Maske_mit_Klarsichtfeld.jpg 1912w\" sizes=\"(max-width: 767px) 89vw, (max-width: 1000px) 54vw, (max-width: 1071px) 543px, 580px\" \/><\/figure>\n\n\n\n<p>Uns fiel diese Organisation auf, weil sie in der Liste der gemeinn\u00fctzigen Organisationen stand, die von der Firma unterst\u00fctzt werden, in der unser<a href=\"https:\/\/blog.maskradar.de\/?tag=anton-klotz\" data-type=\"post_tag\" data-id=\"9\"> Co-Gr\u00fcnder Anton<\/a> arbeitet. Das Unternehmen Cadence (<a rel=\"noreferrer noopener\" class=\"\" href=\"https:\/\/deref-web.de\/mail\/client\/d2FUDMyeG9M\/dereferrer\/?redirectUrl=https%3A%2F%2Fwww.cadence.com%2F\" target=\"_blank\">https:\/\/www.cadence.com\/<\/a>\u00a0) verdoppelte unsere Spende von umgerechnet 725 US-Dollar. So hat die Kenya School for the Deaf durch uns und unsere anf\u00e4nglichen Unterst\u00fctzer insgesamt 1450 $ an Spenden erhalten und kann damit Masken f\u00fcr rund 600 Familien herstellen.<\/p>\n\n\n\n<p>Da bleibt zum Abschluss nur die Frage: Gibt es solche Masken mit Sichtfenster auch in Deutschland und Europa? Wie machen h\u00f6rbehinderte Menschen das hierzulande? Oder schlie\u00dfen wir, die wir so viel von Inklusion reden, sie leider durch unsere Pflicht zu medizinischen und FFP2-Masken von der Teilnahme am Alltag aus?<\/p>\n\n\n\n<img loading=\"lazy\" src=\"https:\/\/vg06.met.vgwort.de\/na\/81c591f897db4479b89041c394129c2e\" alt=\"\" width=\"1\" height=\"1\">\n\n\n\n<p>PS: Hier kommen demn\u00e4chst die Fotos aus Kenia von den Masken, die mit unserer Spende erm\u00f6glicht wurden. Das ganze MaskRadar-Team freut sich schon!<\/p>\n","protected":false},"excerpt":{"rendered":"<p>13 Monate ist es nun her, dass sich ganz zu Beginn des ersten Corona-Lockdowns einige Freiwillige zusammentaten, um in vielen Stunden ehrenamtlicher Arbeit das Portal MaskRadar.de aus der Taufe zu heben und online zu bringen. Anfangs wusste fast niemand, wo Masken zu erhalten sind. Da wollten wir den notwendigen Zugang und \u00dcberblick verschaffen. Das Team &hellip; <\/p>\n<p class=\"link-more\"><a href=\"https:\/\/blog.maskradar.de\/?p=126\" class=\"more-link\"><span class=\"screen-reader-text\">\u201eSpende f\u00fcr Masken mit Sichtfenster in Kenia\u201c<\/span> weiterlesen<\/a><\/p>\n","protected":false},"author":4,"featured_media":0,"comment_status":"open","ping_status":"open","sticky":false,"template":"","format":"standard","meta":[],"categories":[1],"tags":[14,15,16],"_links":{"self":[{"href":"https:\/\/blog.maskradar.de\/index.php?rest_route=\/wp\/v2\/posts\/126"}],"collection":[{"href":"https:\/\/blog.maskradar.de\/index.php?rest_route=\/wp\/v2\/posts"}],"about":[{"href":"https:\/\/blog.maskradar.de\/index.php?rest_route=\/wp\/v2\/types\/post"}],"author":[{"embeddable":true,"href":"https:\/\/blog.maskradar.de\/index.php?rest_route=\/wp\/v2\/users\/4"}],"replies":[{"embeddable":true,"href":"https:\/\/blog.maskradar.de\/index.php?rest_route=%2Fwp%2Fv2%2Fcomments&post=126"}],"version-history":[{"count":14,"href":"https:\/\/blog.maskradar.de\/index.php?rest_route=\/wp\/v2\/posts\/126\/revisions"}],"predecessor-version":[{"id":148,"href":"https:\/\/blog.maskradar.de\/index.php?rest_route=\/wp\/v2\/posts\/126\/revisions\/148"}],"wp:attachment":[{"href":"https:\/\/blog.maskradar.de\/index.php?rest_route=%2Fwp%2Fv2%2Fmedia&parent=126"}],"wp:term":[{"taxonomy":"category","embeddable":true,"href":"https:\/\/blog.maskradar.de\/index.php?rest_route=%2Fwp%2Fv2%2Fcategories&post=126"},{"taxonomy":"post_tag","embeddable":true,"href":"https:\/\/blog.maskradar.de\/index.php?rest_route=%2Fwp%2Fv2%2Ftags&post=126"}],"curies":[{"name":"wp","href":"https:\/\/api.w.org\/{rel}","templated":true}]}}