{"id":34,"date":"2020-04-07T07:16:00","date_gmt":"2020-04-07T09:16:00","guid":{"rendered":"http:\/\/blog.maskradar.de\/?p=34"},"modified":"2020-05-23T09:17:35","modified_gmt":"2020-05-23T11:17:35","slug":"kreative-masken-marke-eigenbau","status":"publish","type":"post","link":"https:\/\/blog.maskradar.de\/?p=34","title":{"rendered":"Kreative Masken Marke Eigenbau"},"content":{"rendered":"\n<p><em>Immer mehr Menschen \u00fcberlegen sich, wie sie an Masken kommen. Die professionellen Mund-Nase-Masken &#8211; auch OP-Masken genannt &#8211; \u00fcberlassen wir dabei gerne den Profis. Viele Normalb\u00fcrger beweisen gerade enorme Fantasie beim Herstellen von Gesichtsmasken. <strong>Hier unsere Top-5-Favoriten:<\/strong><\/em><\/p>\n\n\n\n<p><br>Gerade bei Vielreisenden finden sich h\u00e4ufig <strong>Schlafmasken <\/strong>&#8211; Airlines haben sie zum Teil kostenlos verteilt:<\/p>\n\n\n\n<figure class=\"wp-block-image\"><a href=\"https:\/\/1.bp.blogspot.com\/-Y4VpUMWhvhA\/XojdmnfSW8I\/AAAAAAAAAHQ\/UzoqgHX4viMeUZnZnvCYqj3D8JMxK_xZACLcBGAsYHQ\/s1600\/IMG-20200404-WA0037%255B1%255D.jpg\"><img src=\"https:\/\/1.bp.blogspot.com\/-Y4VpUMWhvhA\/XojdmnfSW8I\/AAAAAAAAAHQ\/UzoqgHX4viMeUZnZnvCYqj3D8JMxK_xZACLcBGAsYHQ\/s320\/IMG-20200404-WA0037%255B1%255D.jpg\" alt=\"\"\/><\/a><\/figure>\n\n\n\n<p>Aus einem <strong>T-Shirt<\/strong> l\u00e4sst sich in zwei Minuten eine Maske &#8222;schneidern&#8220; &#8211; einfach und auch f\u00fcr Leute mit zwei linken H\u00e4nden zu schaffen \ud83d\ude42<br>Der Tipp kommt von Jeremy Howard, einem Forscher im Bereich K\u00fcnstliche Intelligenz.<\/p>\n\n\n\n<figure class=\"wp-block-image\"><img src=\"https:\/\/1.bp.blogspot.com\/-AWK6t391Ci4\/XpA6X8WfC0I\/AAAAAAAAAIE\/Qc3Tp4G9H0kmuf22_79lYBxfOz1WxZ5OQCLcBGAsYHQ\/s400\/Jeremy%2BHoward%2B-%2BT-Shirt.jpg\" alt=\"\"\/><\/figure>\n\n\n\n<figure class=\"wp-block-embed-youtube wp-block-embed is-type-video is-provider-youtube wp-embed-aspect-16-9 wp-has-aspect-ratio\"><div class=\"wp-block-embed__wrapper\">\n<iframe loading=\"lazy\" title=\"Why we need #Masks4All, and how to make your own mask\" width=\"525\" height=\"295\" src=\"https:\/\/www.youtube.com\/embed\/hVEVve-3QeM?feature=oembed\" frameborder=\"0\" allow=\"accelerometer; autoplay; encrypted-media; gyroscope; picture-in-picture\" allowfullscreen><\/iframe>\n<\/div><\/figure>\n\n\n\n<p>Die Herstellungsanleitung beginnt ab Minute 6:20 (Video auf Englisch)<\/p>\n\n\n\n<p><br>Auch das Vlies einer <strong>Babywindel <\/strong>bietet offensichtlich eine Grundlage f\u00fcr eine Gesichtsmaske:<\/p>\n\n\n\n<figure class=\"wp-block-image\"><a href=\"https:\/\/1.bp.blogspot.com\/-rCtiGkewxkg\/XpA-YmSQ6bI\/AAAAAAAAAIo\/KRDZQq3RPbwnVtIjPZhYZLe92svx_mObQCLcBGAsYHQ\/s1600\/Windel.jpg\"><img src=\"https:\/\/1.bp.blogspot.com\/-rCtiGkewxkg\/XpA-YmSQ6bI\/AAAAAAAAAIo\/KRDZQq3RPbwnVtIjPZhYZLe92svx_mObQCLcBGAsYHQ\/s320\/Windel.jpg\" alt=\"\"\/><\/a><\/figure>\n\n\n\n<figure class=\"wp-block-embed-youtube wp-block-embed is-type-video is-provider-youtube wp-embed-aspect-16-9 wp-has-aspect-ratio\"><div class=\"wp-block-embed__wrapper\">\n<iframe loading=\"lazy\" title=\"Bastelstunde: Windelmaske\" width=\"525\" height=\"295\" src=\"https:\/\/www.youtube.com\/embed\/796YLLc90G0?feature=oembed\" frameborder=\"0\" allow=\"accelerometer; autoplay; encrypted-media; gyroscope; picture-in-picture\" allowfullscreen><\/iframe>\n<\/div><\/figure>\n\n\n\n<p><br><br>Praktisch denken und Unterhosen verwenden: <strong>Herren-Boxershort<\/strong><\/p>\n\n\n\n<figure class=\"wp-block-image\"><a href=\"https:\/\/1.bp.blogspot.com\/-WxQ59A9nwIM\/XpA8XsYCj0I\/AAAAAAAAAIc\/twVBfBJup3o3qSxS_ddufugI1J3DdsTUgCLcBGAsYHQ\/s1600\/Boxershort.jpg\"><img src=\"https:\/\/1.bp.blogspot.com\/-WxQ59A9nwIM\/XpA8XsYCj0I\/AAAAAAAAAIc\/twVBfBJup3o3qSxS_ddufugI1J3DdsTUgCLcBGAsYHQ\/s320\/Boxershort.jpg\" alt=\"\"\/><\/a><\/figure>\n\n\n\n<figure class=\"wp-block-embed-youtube wp-block-embed is-type-video is-provider-youtube wp-embed-aspect-4-3 wp-has-aspect-ratio\"><div class=\"wp-block-embed__wrapper\">\nhttps:\/\/www.youtube.com\/watch?v=eARhxOhqqws\n<\/div><\/figure>\n\n\n\n<p>Aus Italien kommt der Vorschlag, <strong>Backpapier <\/strong>als Basis zu verwenden:<\/p>\n\n\n\n<figure class=\"wp-block-image\"><a href=\"https:\/\/1.bp.blogspot.com\/--vJNIhPgX-I\/XpA7kW3l0MI\/AAAAAAAAAIQ\/vkRUqnLggo854jeOEqG7IUzHzLTTAwVuQCLcBGAsYHQ\/s1600\/Backpapier_IT.jpg\"><img src=\"https:\/\/1.bp.blogspot.com\/--vJNIhPgX-I\/XpA7kW3l0MI\/AAAAAAAAAIQ\/vkRUqnLggo854jeOEqG7IUzHzLTTAwVuQCLcBGAsYHQ\/s320\/Backpapier_IT.jpg\" alt=\"\"\/><\/a><\/figure>\n\n\n\n<figure class=\"wp-block-embed-youtube wp-block-embed is-type-video is-provider-youtube wp-embed-aspect-16-9 wp-has-aspect-ratio\"><div class=\"wp-block-embed__wrapper\">\n<iframe loading=\"lazy\" title=\"DIY Face mask. Mascherina fai da te. Carta da forno. March 2020\" width=\"525\" height=\"295\" src=\"https:\/\/www.youtube.com\/embed\/HtDPLgIr24E?feature=oembed\" frameborder=\"0\" allow=\"accelerometer; autoplay; encrypted-media; gyroscope; picture-in-picture\" allowfullscreen><\/iframe>\n<\/div><\/figure>\n\n\n\n<p>(auf Italienisch)<\/p>\n\n\n\n<p><br><br>Gerne k\u00f6nnt ihr weitere kreative Ideen zum DIY-Masken-Basteln in den Kommentaren posten \ud83d\ude42<\/p>\n","protected":false},"excerpt":{"rendered":"<p>Immer mehr Menschen \u00fcberlegen sich, wie sie an Masken kommen. Die professionellen Mund-Nase-Masken &#8211; auch OP-Masken genannt &#8211; \u00fcberlassen wir dabei gerne den Profis. Viele Normalb\u00fcrger beweisen gerade enorme Fantasie beim Herstellen von Gesichtsmasken. Hier unsere Top-5-Favoriten: Gerade bei Vielreisenden finden sich h\u00e4ufig Schlafmasken &#8211; Airlines haben sie zum Teil kostenlos verteilt: Aus einem T-Shirt &hellip; <\/p>\n<p class=\"link-more\"><a href=\"https:\/\/blog.maskradar.de\/?p=34\" class=\"more-link\"><span class=\"screen-reader-text\">\u201eKreative Masken Marke Eigenbau\u201c<\/span> weiterlesen<\/a><\/p>\n","protected":false},"author":4,"featured_media":0,"comment_status":"open","ping_status":"open","sticky":false,"template":"","format":"standard","meta":[],"categories":[10],"tags":[],"_links":{"self":[{"href":"https:\/\/blog.maskradar.de\/index.php?rest_route=\/wp\/v2\/posts\/34"}],"collection":[{"href":"https:\/\/blog.maskradar.de\/index.php?rest_route=\/wp\/v2\/posts"}],"about":[{"href":"https:\/\/blog.maskradar.de\/index.php?rest_route=\/wp\/v2\/types\/post"}],"author":[{"embeddable":true,"href":"https:\/\/blog.maskradar.de\/index.php?rest_route=\/wp\/v2\/users\/4"}],"replies":[{"embeddable":true,"href":"https:\/\/blog.maskradar.de\/index.php?rest_route=%2Fwp%2Fv2%2Fcomments&post=34"}],"version-history":[{"count":1,"href":"https:\/\/blog.maskradar.de\/index.php?rest_route=\/wp\/v2\/posts\/34\/revisions"}],"predecessor-version":[{"id":35,"href":"https:\/\/blog.maskradar.de\/index.php?rest_route=\/wp\/v2\/posts\/34\/revisions\/35"}],"wp:attachment":[{"href":"https:\/\/blog.maskradar.de\/index.php?rest_route=%2Fwp%2Fv2%2Fmedia&parent=34"}],"wp:term":[{"taxonomy":"category","embeddable":true,"href":"https:\/\/blog.maskradar.de\/index.php?rest_route=%2Fwp%2Fv2%2Fcategories&post=34"},{"taxonomy":"post_tag","embeddable":true,"href":"https:\/\/blog.maskradar.de\/index.php?rest_route=%2Fwp%2Fv2%2Ftags&post=34"}],"curies":[{"name":"wp","href":"https:\/\/api.w.org\/{rel}","templated":true}]}}