{"id":56,"date":"2020-06-30T06:20:00","date_gmt":"2020-06-30T08:20:00","guid":{"rendered":"http:\/\/blog.maskradar.de\/?p=56"},"modified":"2021-04-21T20:52:19","modified_gmt":"2021-04-21T20:52:19","slug":"ist-eine-gesichtsmaske-wirklich-sinnvoll","status":"publish","type":"post","link":"https:\/\/blog.maskradar.de\/?p=56","title":{"rendered":"Ist eine Mund-Nase-Maske wirklich sinnvoll?"},"content":{"rendered":"\n<p>Das Tragen von Masken ist deutschlandweit in vielen Situationen Pflicht. Jedoch sind sich nicht alle einig, ob das Tragen einer Maske den gew\u00fcnschten Schutz bietet oder eher das Gegenteil bewirkt. Um etwas Klarheit zu schaffen, haben wir uns die verschiedenen Standpunkte angeschaut und hoffen wir k\u00f6nnen dir einen guten \u00dcberblick geben.<\/p>\n\n\n\n<p><strong>Was soll die Maskenpflicht bewirken?<\/strong><\/p>\n\n\n\n<p>Zun\u00e4chst ist es wichtig zu verstehen, was der eigentliche Gedanke hinter der Maskenpflicht ist. Denn im Kern geht es darum einander zu sch\u00fctzen und nicht nur sich selbst. \u00c4hnlich wie bei Impfungen, steht der sogenannte Herdenschutz im Vordergrund. Denn durch die Alltagsmasken (Stoffmasken), wird nicht etwa der Tr\u00e4ger gesch\u00fctzt, sondern vielmehr sein Umfeld. Alle Informationen hinsichtlich des Eigen- und Fremdschutzes, findest du hier im Blog. <\/p>\n\n\n\n<p><strong>Sch\u00fctzt die Maske mich?<\/strong><\/p>\n\n\n\n<p>Es ist eine falsche Annahme, dass die Maske den Tr\u00e4ger sch\u00fctzt. Diese Verleitung zu falschem Schutzempfinden, wird besonders von RKI Pr\u00e4sident Lothar-Wieler und dem Welt\u00e4rztepr\u00e4sident Montgomery kritisiert, da es zu Fahrl\u00e4ssigkeit in Bezug auf andere Ma\u00dfnahmen, wie die Abstandsregelung, f\u00fchren kann. Denn ein Ma\u00df an Eigenschutz ist lediglich bei filternden Masken geboten. Mehr zu den verschiedenen Maskentypen und ihren Eigenschaften findest du hier. (Link einf\u00fcgen)<\/p>\n\n\n\n<p><strong>Wie sch\u00fctzt eine Maske andere?<\/strong><\/p>\n\n\n\n<p>Aber besonders die Menschen mit einem asymptomatischen Verlauf von Corona mindern so die Gefahr andere ungewollt anzustecken. Daher empfiehlt das RKI mittlerweile das Tragen einer Mund-Nasen-Bedeckung, auch wenn sie dieser zuvor skeptisch gegen\u00fcber waren. Speziell Stoffmasken kamen bei Bundes\u00e4rztekammerpr\u00e4sident Klaus Reinhardt nicht gut weg, obwohl er sie dennoch f\u00fcr \u201cbesser als nichts\u201d h\u00e4lt. Ganz getreu dem Motto \u201cein Schutz ist besser als kein Schutz\u201d, denn ein Gro\u00dfteil der Tr\u00f6pfchen k\u00f6nnen in Material mit einer Maschengr\u00f6\u00dfe von zwei Mikrometern h\u00e4ngenbleiben. Diese Filterfunktion von innen nach au\u00dfen, wurde von dem Max-Planck-Institut f\u00fcr Chemie getestet, dabei kam heraus, dass eine Filterfunktion, die zumindest einen Teil der Tr\u00f6pfchen auffangen kann, bei verschiedenen Materialien vorhanden ist. Das traf auch auf Baumwollstoffe mit einer bestimmten Maschengr\u00f6\u00dfe zu.<\/p>\n\n\n\n<p><strong>Was spricht gegen die Masken?<\/strong><\/p>\n\n\n\n<p>Materialunabh\u00e4ngig wird eine nicht gem\u00e4\u00dfe Verwendung der Masken von vielen kritisiert, so macht das wiederholte Tragen einer Einwegmaske ihren Schutzeffekt hinf\u00e4llig. Bundes\u00e4rztekammerchef Montgomery h\u00e4lt die Gesellschaft zum richtigen Umgang mit den Masken an, denn die Tr\u00f6pfchen sammeln sich in den Stoffen und k\u00f6nnen durch das falsche an- und abziehen ein h\u00f6heres Infektionsrisiko mit sich bringen. Auch das richtige Tragen spielt laut Virologe Christian Drosten eine gro\u00dfe Rolle, so k\u00f6nnen durch das falsche Tragen Tr\u00f6pfchen seitlich unter die Maske gelangen. Um diesen Problemen vorzubeugen, k\u00f6nnt ihr hier im Blog unsere Tipps und Informationen zu dem richtigen Umgang mit Masken finden. Und nicht zuletzt handeln viele Maskentr\u00e4ger nach dem Motto, sie seien jetzt gesch\u00fctzt und lassen so die Abstandsregeln au\u00dfer Acht.<\/p>\n\n\n\n<p><strong>Verf\u00fcgbarkeit von Masken f\u00fcr medizinisches und Pflege-Fachpersonal<\/strong><\/p>\n\n\n\n<p>Ein gro\u00dfer Diskussionspunkt war auch die Verf\u00fcgbarkeit von Masken f\u00fcr medizinisches Fachpersonal. Denn Masken mit hohem Schutzstandard sollten in Zeiten des Engpasses dem Fachpersonal vorbehalten sein. Daher erkl\u00e4rt auch das Bundesinstitut f\u00fcr Arzneimittel und Medizinprodukte Alltagsmasken, wie wir sie kennen, f\u00fcr sinnvoll. Um deine Alltagsmaske richtig pflegen und reinigen zu k\u00f6nnen, haben wir hier (Link einf\u00fcgen) wichtige Pflegehinweise f\u00fcr dich zusammengefasst.<\/p>\n\n\n\n<p><strong>Also was tun?<\/strong><\/p>\n\n\n\n<p><strong>Ma\u00dfnahmen wie Social-Distancing sind ernst zu nehmen und umzusetzen, man sollte nicht allein auf die Masken vertrauen.<\/strong> Das richtige Handling und Tragen der Masken ist wichtig. Denn durch die Masken k\u00f6nnen wir uns gegenseitig zu sch\u00fctzen.<\/p>\n\n\n\n<p>Also bleib gesund und sei ein Alltagsheld!<\/p>\n\n\n\n<img loading=\"lazy\" src=\"https:\/\/vg06.met.vgwort.de\/na\/f305a3ddc4034bdcb8f855dee25eb7d0\" alt=\"\" width=\"1\" height=\"1\">\n\n\n\n<p><strong>Quellen<\/strong>:<\/p>\n\n\n\n<p>Bach, A. (28.04.2020). <em>Was man \u00fcber Schutzmasken in Zeiten von Corona wissen muss &#8211; quarks.de<\/em>. Quarks.De. Abgerufen am: 14.05.2020, online verf\u00fcgbar unter: <a href=\"http:\/\/www.quarks.de\/gesellschaft\/wissenschaft\/was-man-ueber-schutzmasken-in-zeiten-von-corona-wissen-muss\/\">http:\/\/www.quarks.de\/gesellschaft\/wissenschaft\/was-man-ueber-schutzmasken-in-zeiten-von-corona-wissen-muss\/<\/a><\/p>\n\n\n\n<p>BfArM. (31.03.2020). <em>BfArM &#8211; Empfehlungen des BfArM &#8211; Hinweise des BfArM zur Verwendung von selbst hergestellten Masken (sog. \u201eCommunity-Masken\u201c), medizinischen Gesichtsmasken, sowie filtrierenden Halbmasken (FFP1, FFP2 und FFP3) im Zusammenhang mit dem Coronavirus (SARS-CoV-2 \/ Covid-19)<\/em>. BfArM . Abgerufen am: 13.05.2020, online verf\u00fcgbar unter: <a href=\"http:\/\/www.bfarm.de\/SharedDocs\/Risikoinformationen\/Medizinprodukte\/DE\/schutzmasken.html\"><u>http:\/\/www.bfarm.de\/SharedDocs\/Risikoinformationen\/Medizinprodukte\/DE\/schutzmasken.html<\/u><\/a><\/p>\n\n\n\n<p>Han, B.-C. (27.03.2020). <em>Corona-Strategie: Das fatale Problem der Deutschen mit den Masken &#8211; WELT<\/em>. DIE WELT; WELT. Abgerufen am: 16.05.2020, online verf\u00fcgbar unter: <a href=\"http:\/\/www.welt.de\/kultur\/article206829403\/Corona-Strategie-Das-fatale-Problem-der-Deutschen-mit-den-Masken.html\">http:\/\/www.welt.de\/kultur\/article206829403\/Corona-Strategie-Das-fatale-Problem-der-Deutschen-mit-den-Masken.html<\/a><\/p>\n\n\n\n<p>MDR. (27.03.2020). <em>Diskussion um Mundschutz \u2013 was sagt die Wissenschaft? | MDR.DE<\/em>. Mdr.de \u2013 Radio, Fernsehen, Nachrichten F\u00fcr Mitteldeutschland | MDR.DE; Mitteldeutscher Rundfunk. Abgerufen am: 13.05.2020, online verf\u00fcgbar unter: <a href=\"http:\/\/www.mdr.de\/wissen\/mundschutz-forschung-pro-contra-masken-corona-100.html#sprung0\">http:\/\/www.mdr.de\/wissen\/mundschutz-forschung-pro-contra-masken-corona-100.html#sprung0<\/a><\/p>\n\n\n\n<p>PNP. (23.04.2020). <em>Pro und Contra zur Maskenpflicht in Deutschland &#8211; Sinnvoll vs. tr\u00fcgerische Sicherheit<\/em>. Panorama &#8211; Nachrichten &#8211; Zeitung. Abgerufen am: 13.05.2020, online verf\u00fcgbar unter: <a href=\"http:\/\/www.pnp.de\/nachrichten\/panorama\/Pro-und-Contra-zur-Maskenpflicht-in-Deutschland-3666719.html\">http:\/\/www.pnp.de\/nachrichten\/panorama\/Pro-und-Contra-zur-Maskenpflicht-in-Deutschland-3666719.html<\/a>.<\/p>\n\n\n\n<p><\/p>\n","protected":false},"excerpt":{"rendered":"<p>Das Tragen von Masken ist deutschlandweit in vielen Situationen Pflicht. Jedoch sind sich nicht alle einig, ob das Tragen einer Maske den gew\u00fcnschten Schutz bietet oder eher das Gegenteil bewirkt. Um etwas Klarheit zu schaffen, haben wir uns die verschiedenen Standpunkte angeschaut und hoffen wir k\u00f6nnen dir einen guten \u00dcberblick geben. Was soll die Maskenpflicht &hellip; <\/p>\n<p class=\"link-more\"><a href=\"https:\/\/blog.maskradar.de\/?p=56\" class=\"more-link\"><span class=\"screen-reader-text\">\u201eIst eine Mund-Nase-Maske wirklich sinnvoll?\u201c<\/span> weiterlesen<\/a><\/p>\n","protected":false},"author":4,"featured_media":0,"comment_status":"open","ping_status":"open","sticky":false,"template":"","format":"standard","meta":[],"categories":[11],"tags":[],"_links":{"self":[{"href":"https:\/\/blog.maskradar.de\/index.php?rest_route=\/wp\/v2\/posts\/56"}],"collection":[{"href":"https:\/\/blog.maskradar.de\/index.php?rest_route=\/wp\/v2\/posts"}],"about":[{"href":"https:\/\/blog.maskradar.de\/index.php?rest_route=\/wp\/v2\/types\/post"}],"author":[{"embeddable":true,"href":"https:\/\/blog.maskradar.de\/index.php?rest_route=\/wp\/v2\/users\/4"}],"replies":[{"embeddable":true,"href":"https:\/\/blog.maskradar.de\/index.php?rest_route=%2Fwp%2Fv2%2Fcomments&post=56"}],"version-history":[{"count":4,"href":"https:\/\/blog.maskradar.de\/index.php?rest_route=\/wp\/v2\/posts\/56\/revisions"}],"predecessor-version":[{"id":115,"href":"https:\/\/blog.maskradar.de\/index.php?rest_route=\/wp\/v2\/posts\/56\/revisions\/115"}],"wp:attachment":[{"href":"https:\/\/blog.maskradar.de\/index.php?rest_route=%2Fwp%2Fv2%2Fmedia&parent=56"}],"wp:term":[{"taxonomy":"category","embeddable":true,"href":"https:\/\/blog.maskradar.de\/index.php?rest_route=%2Fwp%2Fv2%2Fcategories&post=56"},{"taxonomy":"post_tag","embeddable":true,"href":"https:\/\/blog.maskradar.de\/index.php?rest_route=%2Fwp%2Fv2%2Ftags&post=56"}],"curies":[{"name":"wp","href":"https:\/\/api.w.org\/{rel}","templated":true}]}}