{"id":76,"date":"2020-07-29T12:07:00","date_gmt":"2020-07-29T14:07:00","guid":{"rendered":"http:\/\/blog.maskradar.de\/?p=76"},"modified":"2021-04-21T20:44:48","modified_gmt":"2021-04-21T20:44:48","slug":"maske-unters-kinn-schieben-ist-riskant","status":"publish","type":"post","link":"https:\/\/blog.maskradar.de\/?p=76","title":{"rendered":"\u201eMaske unters Kinn schieben ist riskant\u201c"},"content":{"rendered":"\n<p><strong>Was beim Masken-Tragen alles schief laufen kann \u2013 und wo Masken sinnvoll und wo sie unn\u00f6tig sind: Einer der anerkanntesten Virologen Deutschlands &#8211; Prof. Dr. Ingo Drexler, stellvertretender Leiter des Instituts f\u00fcr Virologie am Universit\u00e4tsklinikum D\u00fcsseldorf \u2013 nahm sich f\u00fcr MaskRadar erneut Zeit und beantwortet unsere Fragen rund um Masken.<\/strong><\/p>\n\n\n\n<figure class=\"wp-block-image size-large is-resized\"><img loading=\"lazy\" src=\"http:\/\/blog.maskradar.de\/wp-content\/uploads\/2020\/07\/Portr\u00e4t3-ID-1024x1015.jpg\" alt=\"Prof. Dr. Ingo Drexler\" class=\"wp-image-70\" width=\"512\" height=\"508\" srcset=\"https:\/\/blog.maskradar.de\/wp-content\/uploads\/2020\/07\/Portr\u00e4t3-ID-1024x1015.jpg 1024w, https:\/\/blog.maskradar.de\/wp-content\/uploads\/2020\/07\/Portr\u00e4t3-ID-300x297.jpg 300w, https:\/\/blog.maskradar.de\/wp-content\/uploads\/2020\/07\/Portr\u00e4t3-ID-150x150.jpg 150w, https:\/\/blog.maskradar.de\/wp-content\/uploads\/2020\/07\/Portr\u00e4t3-ID-768x761.jpg 768w, https:\/\/blog.maskradar.de\/wp-content\/uploads\/2020\/07\/Portr\u00e4t3-ID-1536x1522.jpg 1536w, https:\/\/blog.maskradar.de\/wp-content\/uploads\/2020\/07\/Portr\u00e4t3-ID-2048x2030.jpg 2048w, https:\/\/blog.maskradar.de\/wp-content\/uploads\/2020\/07\/Portr\u00e4t3-ID-100x100.jpg 100w\" sizes=\"(max-width: 512px) 100vw, 512px\" \/><figcaption>Prof. Dr. Ingo Drexler<\/figcaption><\/figure>\n\n\n\n<p><strong>Was sind die gr\u00f6\u00dften Fehler beim Umgang mit Masken?<\/strong><\/p>\n\n\n\n<p>Der h\u00e4ufigste Fehler ist das falsche Tragen, indem statt einer Mund-Nase-Bedeckung nur der Mund bedeckt wird und die <strong>Nase oben dr\u00fcber rausschaut<\/strong>. Sie kennen vielleicht den Vergleich mit dem Tragen einer M\u00e4nnerunterhose, \u00fcber der der Penis raush\u00e4ngt statt bedeckt wird. Da muss ich h\u00e4ufiger mal Schmunzeln. Aber im Ernst: Es geht doch gerade darum, dass die ausgeatmete feuchte Luft vom Stoff gefangen wird. Nur durch das Auffangen der Tr\u00f6pfchen verhindert die Maske, dass weniger infekti\u00f6ses Material verbreitet wird. Wer ungefiltert durch die Nase ausatmet, hat das Prinzip nicht verstanden.<\/p>\n\n\n\n<p>Kritisch zu sehen ist auch, wenn man die <strong>Maske unterm Kinn<\/strong> tr\u00e4gt. Denn eigentlich sollte die Maske nur an den Ohrschlaufen oder B\u00e4ndern angefasst werden, nicht am Stoff. Um sie unters Kinn zu schieben, muss man aber an den Stoff greifen. Dabei k\u00f6nnen Viren von den H\u00e4nden auf Maske und Gesicht \u00fcbertragen werden und man gef\u00e4hrdet sich selbst. Ist man selbst infiziert, dann ist das ein Weg, die eigenen Viren auf seine H\u00e4nde und dann auf T\u00fcrklinken, Treppengel\u00e4nder, Handl\u00e4ufe von Rolltreppen und alles, was man anfasst, zu \u00fcbertragen \u2013 und so andere zu gef\u00e4hrden. Beides muss nicht sein.<\/p>\n\n\n\n<p><strong>Gibt es Situationen, in denen Sie das Tragen von Mund-Nase-Bedeckungen f\u00fcr unn\u00f6tig halten?<\/strong><\/p>\n\n\n\n<p>Wer im Wald oder in einem Park spazieren geht, der sollte die frische Luft genie\u00dfen. Der braucht keine Maske. Gleiches gilt beim Joggen, Radfahren oder beim Fahren im Cabrio. In allen Situationen im Freien, in denen Abstand zu anderen Menschen eingehalten werden kann, sind Masken nicht n\u00f6tig.<\/p>\n\n\n\n<p><strong>Wann ist es sinnvoll, auch im Freien eine Maske zu tragen?<\/strong><\/p>\n\n\n\n<p>Es gibt eine Daumenregel, die sich leicht merken l\u00e4sst: Wer seinen Vordermann oder einen Passanten riecht, ist zu nah dran. Jeder kennt die Situation, wenn man in der N\u00e4he eines Rauchers ist und dessen Rauch einatmet. Das ist im Prinzip genau die Atemwolke, in die man nicht hineinlaufen m\u00f6chte. Wer das Parfum einer vorausgehenden Person riecht, sollte wenn m\u00f6glich den Abstand vergr\u00f6\u00dfern. Und wenn das nicht m\u00f6glich ist \u2013 in vollen Einkaufsstra\u00dfen beispielsweise \u2013 dann ist auch im Freien das Tragen von Masken angeraten. Wenn Sie auf einem engen B\u00fcrgersteig eng an anderen vorbeigehen m\u00fcssen, dann w\u00e4re ich vorsichtig. Als wichtigste Regel gilt noch immer das Social Distancing: 1,5 Meter Abstand ist die sicherste Infektions-Pr\u00e4vention. Viele sch\u00e4tzen anderthalb Meter zu gering: Erst wenn beide Personen einen Arm ausstrecken und sich die Finger nicht ber\u00fchren, dann hat man ungef\u00e4hr 1,5 Meter Abstand zueinander.<\/p>\n\n\n\n<img\nsrc=\"https:\/\/vg06.met.vgwort.de\/na\/4d6b2952dce949c69b7c4f17ed83434b\"\nwidth=\"1\" height=\"1\" alt=\"\">\n\n\n\n<p><\/p>\n","protected":false},"excerpt":{"rendered":"<p>Was beim Masken-Tragen alles schief laufen kann \u2013 und wo Masken sinnvoll und wo sie unn\u00f6tig sind: Einer der anerkanntesten Virologen Deutschlands &#8211; Prof. Dr. Ingo Drexler, stellvertretender Leiter des Instituts f\u00fcr Virologie am Universit\u00e4tsklinikum D\u00fcsseldorf \u2013 nahm sich f\u00fcr MaskRadar erneut Zeit und beantwortet unsere Fragen rund um Masken. Was sind die gr\u00f6\u00dften Fehler &hellip; <\/p>\n<p class=\"link-more\"><a href=\"https:\/\/blog.maskradar.de\/?p=76\" class=\"more-link\"><span class=\"screen-reader-text\">\u201e\u201eMaske unters Kinn schieben ist riskant\u201c\u201c<\/span> weiterlesen<\/a><\/p>\n","protected":false},"author":4,"featured_media":0,"comment_status":"open","ping_status":"open","sticky":false,"template":"","format":"standard","meta":[],"categories":[5],"tags":[],"_links":{"self":[{"href":"https:\/\/blog.maskradar.de\/index.php?rest_route=\/wp\/v2\/posts\/76"}],"collection":[{"href":"https:\/\/blog.maskradar.de\/index.php?rest_route=\/wp\/v2\/posts"}],"about":[{"href":"https:\/\/blog.maskradar.de\/index.php?rest_route=\/wp\/v2\/types\/post"}],"author":[{"embeddable":true,"href":"https:\/\/blog.maskradar.de\/index.php?rest_route=\/wp\/v2\/users\/4"}],"replies":[{"embeddable":true,"href":"https:\/\/blog.maskradar.de\/index.php?rest_route=%2Fwp%2Fv2%2Fcomments&post=76"}],"version-history":[{"count":3,"href":"https:\/\/blog.maskradar.de\/index.php?rest_route=\/wp\/v2\/posts\/76\/revisions"}],"predecessor-version":[{"id":110,"href":"https:\/\/blog.maskradar.de\/index.php?rest_route=\/wp\/v2\/posts\/76\/revisions\/110"}],"wp:attachment":[{"href":"https:\/\/blog.maskradar.de\/index.php?rest_route=%2Fwp%2Fv2%2Fmedia&parent=76"}],"wp:term":[{"taxonomy":"category","embeddable":true,"href":"https:\/\/blog.maskradar.de\/index.php?rest_route=%2Fwp%2Fv2%2Fcategories&post=76"},{"taxonomy":"post_tag","embeddable":true,"href":"https:\/\/blog.maskradar.de\/index.php?rest_route=%2Fwp%2Fv2%2Ftags&post=76"}],"curies":[{"name":"wp","href":"https:\/\/api.w.org\/{rel}","templated":true}]}}